{"id":3752,"date":"2022-02-14T19:16:37","date_gmt":"2022-02-14T18:16:37","guid":{"rendered":"https:\/\/www.francescosciacca.com\/ph\/?p=3752"},"modified":"2022-04-01T19:48:06","modified_gmt":"2022-04-01T17:48:06","slug":"matrimonio-album-libro-o-tradizionale","status":"publish","type":"post","link":"https:\/\/www.fotoeffe.it\/matrimonio\/matrimonio-album-libro-o-tradizionale\/","title":{"rendered":"Matrimonio: Album libro o tradizionale?"},"content":{"rendered":"\t\t<div data-elementor-type=\"wp-post\" data-elementor-id=\"3752\" class=\"elementor elementor-3752\" data-elementor-settings=\"[]\">\n\t\t\t\t\t\t<div class=\"elementor-inner\">\n\t\t\t\t\t\t\t<div class=\"elementor-section-wrap\">\n\t\t\t\t\t\t\t<section class=\"elementor-section elementor-top-section elementor-element elementor-element-4bfa1274 elementor-section-boxed elementor-section-height-default elementor-section-height-default\" data-id=\"4bfa1274\" data-element_type=\"section\">\n\t\t\t\t\t\t<div class=\"elementor-container elementor-column-gap-default\">\n\t\t\t\t\t\t\t<div class=\"elementor-row\">\n\t\t\t\t\t<div class=\"elementor-column elementor-col-100 elementor-top-column elementor-element elementor-element-1b8399d1\" data-id=\"1b8399d1\" data-element_type=\"column\">\n\t\t\t<div class=\"elementor-column-wrap elementor-element-populated\">\n\t\t\t\t\t\t\t<div class=\"elementor-widget-wrap\">\n\t\t\t\t\t\t<div class=\"elementor-element elementor-element-51e5ff68 elementor-widget elementor-widget-heading\" data-id=\"51e5ff68\" data-element_type=\"widget\" data-widget_type=\"heading.default\">\n\t\t\t\t<div class=\"elementor-widget-container\">\n\t\t\t<h2 class=\"elementor-heading-title elementor-size-default\">Matrimonio: Album libro o tradizionale?<\/h2>\t\t<\/div>\n\t\t\t\t<\/div>\n\t\t\t\t<div class=\"elementor-element elementor-element-3823c23d elementor-widget elementor-widget-image\" data-id=\"3823c23d\" data-element_type=\"widget\" data-widget_type=\"image.default\">\n\t\t\t\t<div class=\"elementor-widget-container\">\n\t\t\t\t\t<div class=\"elementor-image\">\n\t\t\t\t\t\t\t\t\t\t<img width=\"800\" height=\"290\" src=\"https:\/\/www.fotoeffe.it\/matrimonio\/wp-content\/uploads\/2022\/02\/foto-blog-bw-album-foto.jpeg\" class=\"attachment-large size-large\" alt=\"\" loading=\"lazy\" srcset=\"https:\/\/www.fotoeffe.it\/matrimonio\/wp-content\/uploads\/2022\/02\/foto-blog-bw-album-foto.jpeg 800w, https:\/\/www.fotoeffe.it\/matrimonio\/wp-content\/uploads\/2022\/02\/foto-blog-bw-album-foto-300x109.jpeg 300w, https:\/\/www.fotoeffe.it\/matrimonio\/wp-content\/uploads\/2022\/02\/foto-blog-bw-album-foto-768x278.jpeg 768w\" sizes=\"(max-width: 800px) 100vw, 800px\" \/>\t\t\t\t\t\t\t\t\t\t\t<\/div>\n\t\t\t\t<\/div>\n\t\t\t\t<\/div>\n\t\t\t\t<div class=\"elementor-element elementor-element-3e0fcfc8 elementor-widget elementor-widget-text-editor\" data-id=\"3e0fcfc8\" data-element_type=\"widget\" data-widget_type=\"text-editor.default\">\n\t\t\t\t<div class=\"elementor-widget-container\">\n\t\t\t\t\t<div class=\"elementor-text-editor elementor-clearfix\"><p style=\"text-align: justify;\"><span style=\"font-size: 12pt; color: #000000; line-height: 1.35;\">Negli ultimi anni, con il passaggio dall&#8217;analogico al digitale, tutti i futuri sposi hanno avuto la possibilit\u00e0 di scegliere tra album libro digitale e album tradizionale. Questi rappresentano due soluzioni diverse per ricordare nel tempo il giorno delle proprie nozze. Vediamone insieme i pregi e i vantaggi affinch\u00e9 tutti possano compiere una scelta consapevole.<\/span><\/p>\n<p style=\"text-align: justify;\"><strong><span style=\"color: #000000; line-height: 1.35;\">\u00a0&#8211;<span style=\"font-size: 12pt;\">\u00a0Album libro digitale<\/span><\/span><\/strong><\/p>\n<p style=\"text-align: justify;\"><span style=\"font-size: 12pt; color: #000000; line-height: 1.35;\">E&#8217; un album in cui la realizzazione grafica degli interni (composta da pi\u00f9 foto) <strong>\u00e8 interamente stampata sulle pagine<\/strong>. La rilegatura del blocco permette un&#8217;apertura a 180\u00b0 (che consente di sfruttare tutto lo spazio del formato &#8211; senza interruzioni &#8211; per narrare la vostra storia), mentre la rigidit\u00e0 delle pagine assicura un&#8217;elevata <strong>resistenza nel tempo<\/strong>. <\/span><\/p>\n<p style=\"text-align: justify;\"><span style=\"font-size: 12pt; color: #000000; line-height: 1.35;\">Ne risulta un album prodotto artigianalmente e<strong> garantito a vita<\/strong> dai nostri tecnici. Dal punto di vista fotografico, invece, un importante vantaggio \u00e8 sicuramente la <strong>possibilit\u00e0 di inserire pi\u00f9 foto<\/strong> rispetto ad un album tradizionale e creare cosi una <strong>grafica<\/strong> personalizzata, adatta alla tipologia di evento.<\/span>\u00a0<\/p>\n<p style=\"text-align: justify;\"><strong><span style=\"font-size: 12pt; color: #000000; line-height: 1.35;\">&#8211; Album tradizionale<\/span><\/strong><\/p>\n<p style=\"text-align: justify;\"><span style=\"font-size: 12pt; color: #000000; line-height: 1.35;\"><span style=\"color: #000080;\"><span style=\"color: #000000;\">E&#8217; la tipologia di album legato alla concezione classica della fotografia analogica: le singole foto vengono incollate sulle pagine dell&#8217;album, separate da <strong>carta velina<\/strong> per evitarne il contatto quando\u00a0questo viene chiuso. Nell&#8217;album tradizionale viene applicata <strong>una foto per ogni pagina<\/strong> e pu\u00f2 essere, in tal senso, personalizzato; spesso, infatti, viene scelto per gli album da consegnare alle due famiglie degli sposi scegliendo di\u00a0variarne parte delle fotografie in esso contenute. <\/span><\/span><\/span><\/p>\n<p style=\"text-align: justify;\"><span style=\"font-size: 12pt; color: #000000; line-height: 1.35;\"><span style=\"color: #000080;\"><span style=\"color: #000000;\">Inoltre se una singola foto dovesse rovinarsi, \u00e8 possibile sostituirla senza intaccare l&#8217;intero album (operazione che in ogni caso dovr\u00e0 essere eseguita da un professionista).<\/span><\/span><\/span><\/p><\/div>\n\t\t\t\t<\/div>\n\t\t\t\t<\/div>\n\t\t\t\t\t\t<\/div>\n\t\t\t\t\t<\/div>\n\t\t<\/div>\n\t\t\t\t\t\t\t\t<\/div>\n\t\t\t\t\t<\/div>\n\t\t<\/section>\n\t\t\t\t\t\t<\/div>\n\t\t\t\t\t\t<\/div>\n\t\t\t\t\t<\/div>\n\t\t","protected":false},"excerpt":{"rendered":"<p>Matrimonio: Album libro o tradizionale? Negli ultimi anni, con il passaggio dall&#8217;analogico al digitale, tutti i futuri sposi hanno avuto la possibilit\u00e0 di scegliere tra album libro digitale e album &#8230;<\/p>\n","protected":false},"author":1,"featured_media":3944,"comment_status":"closed","ping_status":"closed","sticky":false,"template":"","format":"standard","meta":{"ngg_post_thumbnail":0},"categories":[182],"tags":[],"yoast_head":"<!-- This site is optimized with the Yoast SEO plugin v18.2 - https:\/\/yoast.com\/wordpress\/plugins\/seo\/ -->\n<title>Matrimonio: Album libro o tradizionale?<\/title>\n<meta name=\"description\" content=\"Negli ultimi anni, con il passaggio dall\u2019analogico al digitale, tutti i futuri sposi hanno avuto la possibilit\u00e0 di scegliere tra album libro digitale e album tradizionale.\" \/>\n<meta name=\"robots\" content=\"index, follow, max-snippet:-1, max-image-preview:large, max-video-preview:-1\" \/>\n<link rel=\"canonical\" href=\"https:\/\/www.fotoeffe.it\/matrimonio\/matrimonio-album-libro-o-tradizionale\/\" \/>\n<meta property=\"og:locale\" content=\"it_IT\" \/>\n<meta property=\"og:type\" content=\"article\" \/>\n<meta property=\"og:title\" content=\"Matrimonio: Album libro o tradizionale?\" \/>\n<meta property=\"og:description\" content=\"Negli ultimi anni, con il passaggio dall\u2019analogico al digitale, tutti i futuri sposi hanno avuto la possibilit\u00e0 di scegliere tra album libro digitale e album tradizionale.\" \/>\n<meta property=\"og:url\" content=\"https:\/\/www.fotoeffe.it\/matrimonio\/matrimonio-album-libro-o-tradizionale\/\" \/>\n<meta property=\"og:site_name\" content=\"Fotoeffe\" \/>\n<meta property=\"article:publisher\" content=\"https:\/\/www.facebook.com\/FotoeffeKodak\" \/>\n<meta property=\"article:published_time\" content=\"2022-02-14T18:16:37+00:00\" \/>\n<meta property=\"article:modified_time\" content=\"2022-04-01T17:48:06+00:00\" \/>\n<meta property=\"og:image\" content=\"https:\/\/www.fotoeffe.it\/matrimonio\/wp-content\/uploads\/2022\/02\/libro-fotografico.jpg\" \/>\n\t<meta property=\"og:image:width\" content=\"725\" \/>\n\t<meta property=\"og:image:height\" content=\"290\" \/>\n\t<meta property=\"og:image:type\" content=\"image\/jpeg\" \/>\n<meta name=\"twitter:label1\" content=\"Scritto da\" \/>\n\t<meta name=\"twitter:data1\" content=\"adminfs\" \/>\n\t<meta name=\"twitter:label2\" content=\"Tempo di lettura stimato\" \/>\n\t<meta name=\"twitter:data2\" content=\"2 minuti\" \/>\n<script type=\"application\/ld+json\" class=\"yoast-schema-graph\">{\"@context\":\"https:\/\/schema.org\",\"@graph\":[{\"@type\":\"Organization\",\"@id\":\"https:\/\/www.fotoeffe.it\/matrimonio\/#organization\",\"name\":\"Fotoeffe\",\"url\":\"https:\/\/www.fotoeffe.it\/matrimonio\/\",\"sameAs\":[\"https:\/\/www.facebook.com\/FotoeffeKodak\",\"https:\/\/www.instagram.com\/fotoeffekodak\/\"],\"logo\":{\"@type\":\"ImageObject\",\"@id\":\"https:\/\/www.fotoeffe.it\/matrimonio\/#logo\",\"inLanguage\":\"it-IT\",\"url\":\"https:\/\/www.fotoeffe.it\/matrimonio\/wp-content\/uploads\/2023\/04\/cropped-footer-fotoeffe.png\",\"contentUrl\":\"https:\/\/www.fotoeffe.it\/matrimonio\/wp-content\/uploads\/2023\/04\/cropped-footer-fotoeffe.png\",\"width\":191,\"height\":84,\"caption\":\"Fotoeffe\"},\"image\":{\"@id\":\"https:\/\/www.fotoeffe.it\/matrimonio\/#logo\"}},{\"@type\":\"WebSite\",\"@id\":\"https:\/\/www.fotoeffe.it\/matrimonio\/#website\",\"url\":\"https:\/\/www.fotoeffe.it\/matrimonio\/\",\"name\":\"Fotoeffe\",\"description\":\"Matrimoni Catania\",\"publisher\":{\"@id\":\"https:\/\/www.fotoeffe.it\/matrimonio\/#organization\"},\"potentialAction\":[{\"@type\":\"SearchAction\",\"target\":{\"@type\":\"EntryPoint\",\"urlTemplate\":\"https:\/\/www.fotoeffe.it\/matrimonio\/?s={search_term_string}\"},\"query-input\":\"required name=search_term_string\"}],\"inLanguage\":\"it-IT\"},{\"@type\":\"ImageObject\",\"@id\":\"https:\/\/www.fotoeffe.it\/matrimonio\/matrimonio-album-libro-o-tradizionale\/#primaryimage\",\"inLanguage\":\"it-IT\",\"url\":\"https:\/\/www.fotoeffe.it\/matrimonio\/wp-content\/uploads\/2022\/02\/libro-fotografico.jpg\",\"contentUrl\":\"https:\/\/www.fotoeffe.it\/matrimonio\/wp-content\/uploads\/2022\/02\/libro-fotografico.jpg\",\"width\":725,\"height\":290},{\"@type\":\"WebPage\",\"@id\":\"https:\/\/www.fotoeffe.it\/matrimonio\/matrimonio-album-libro-o-tradizionale\/#webpage\",\"url\":\"https:\/\/www.fotoeffe.it\/matrimonio\/matrimonio-album-libro-o-tradizionale\/\",\"name\":\"Matrimonio: Album libro o tradizionale?\",\"isPartOf\":{\"@id\":\"https:\/\/www.fotoeffe.it\/matrimonio\/#website\"},\"primaryImageOfPage\":{\"@id\":\"https:\/\/www.fotoeffe.it\/matrimonio\/matrimonio-album-libro-o-tradizionale\/#primaryimage\"},\"datePublished\":\"2022-02-14T18:16:37+00:00\",\"dateModified\":\"2022-04-01T17:48:06+00:00\",\"description\":\"Negli ultimi anni, con il passaggio dall\u2019analogico al digitale, tutti i futuri sposi hanno avuto la possibilit\u00e0 di scegliere tra album libro digitale e album tradizionale.\",\"breadcrumb\":{\"@id\":\"https:\/\/www.fotoeffe.it\/matrimonio\/matrimonio-album-libro-o-tradizionale\/#breadcrumb\"},\"inLanguage\":\"it-IT\",\"potentialAction\":[{\"@type\":\"ReadAction\",\"target\":[\"https:\/\/www.fotoeffe.it\/matrimonio\/matrimonio-album-libro-o-tradizionale\/\"]}]},{\"@type\":\"BreadcrumbList\",\"@id\":\"https:\/\/www.fotoeffe.it\/matrimonio\/matrimonio-album-libro-o-tradizionale\/#breadcrumb\",\"itemListElement\":[{\"@type\":\"ListItem\",\"position\":1,\"name\":\"Home\",\"item\":\"https:\/\/www.fotoeffe.it\/matrimonio\/\"},{\"@type\":\"ListItem\",\"position\":2,\"name\":\"Matrimonio: Album libro o tradizionale?\"}]},{\"@type\":\"Article\",\"@id\":\"https:\/\/www.fotoeffe.it\/matrimonio\/matrimonio-album-libro-o-tradizionale\/#article\",\"isPartOf\":{\"@id\":\"https:\/\/www.fotoeffe.it\/matrimonio\/matrimonio-album-libro-o-tradizionale\/#webpage\"},\"author\":{\"@id\":\"https:\/\/www.fotoeffe.it\/matrimonio\/#\/schema\/person\/15c7f661436856f36671105134d21f52\"},\"headline\":\"Matrimonio: Album libro o tradizionale?\",\"datePublished\":\"2022-02-14T18:16:37+00:00\",\"dateModified\":\"2022-04-01T17:48:06+00:00\",\"mainEntityOfPage\":{\"@id\":\"https:\/\/www.fotoeffe.it\/matrimonio\/matrimonio-album-libro-o-tradizionale\/#webpage\"},\"wordCount\":269,\"publisher\":{\"@id\":\"https:\/\/www.fotoeffe.it\/matrimonio\/#organization\"},\"image\":{\"@id\":\"https:\/\/www.fotoeffe.it\/matrimonio\/matrimonio-album-libro-o-tradizionale\/#primaryimage\"},\"thumbnailUrl\":\"https:\/\/www.fotoeffe.it\/matrimonio\/wp-content\/uploads\/2022\/02\/libro-fotografico.jpg\",\"articleSection\":[\"blog\"],\"inLanguage\":\"it-IT\"},{\"@type\":\"Person\",\"@id\":\"https:\/\/www.fotoeffe.it\/matrimonio\/#\/schema\/person\/15c7f661436856f36671105134d21f52\",\"name\":\"adminfs\",\"image\":{\"@type\":\"ImageObject\",\"@id\":\"https:\/\/www.fotoeffe.it\/matrimonio\/#personlogo\",\"inLanguage\":\"it-IT\",\"url\":\"https:\/\/secure.gravatar.com\/avatar\/ab01a23cf377a1e4eab032014046c0b8?s=96&d=mm&r=g\",\"contentUrl\":\"https:\/\/secure.gravatar.com\/avatar\/ab01a23cf377a1e4eab032014046c0b8?s=96&d=mm&r=g\",\"caption\":\"adminfs\"},\"url\":\"https:\/\/www.fotoeffe.it\/matrimonio\/author\/adminfs\/\"}]}<\/script>\n<!-- \/ Yoast SEO plugin. -->","yoast_head_json":{"title":"Matrimonio: Album libro o tradizionale?","description":"Negli ultimi anni, con il passaggio dall\u2019analogico al digitale, tutti i futuri sposi hanno avuto la possibilit\u00e0 di scegliere tra album libro digitale e album tradizionale.","robots":{"index":"index","follow":"follow","max-snippet":"max-snippet:-1","max-image-preview":"max-image-preview:large","max-video-preview":"max-video-preview:-1"},"canonical":"https:\/\/www.fotoeffe.it\/matrimonio\/matrimonio-album-libro-o-tradizionale\/","og_locale":"it_IT","og_type":"article","og_title":"Matrimonio: Album libro o tradizionale?","og_description":"Negli ultimi anni, con il passaggio dall\u2019analogico al digitale, tutti i futuri sposi hanno avuto la possibilit\u00e0 di scegliere tra album libro digitale e album tradizionale.","og_url":"https:\/\/www.fotoeffe.it\/matrimonio\/matrimonio-album-libro-o-tradizionale\/","og_site_name":"Fotoeffe","article_publisher":"https:\/\/www.facebook.com\/FotoeffeKodak","article_published_time":"2022-02-14T18:16:37+00:00","article_modified_time":"2022-04-01T17:48:06+00:00","og_image":[{"width":725,"height":290,"url":"https:\/\/www.fotoeffe.it\/matrimonio\/wp-content\/uploads\/2022\/02\/libro-fotografico.jpg","type":"image\/jpeg"}],"twitter_misc":{"Scritto da":"adminfs","Tempo di lettura stimato":"2 minuti"},"schema":{"@context":"https:\/\/schema.org","@graph":[{"@type":"Organization","@id":"https:\/\/www.fotoeffe.it\/matrimonio\/#organization","name":"Fotoeffe","url":"https:\/\/www.fotoeffe.it\/matrimonio\/","sameAs":["https:\/\/www.facebook.com\/FotoeffeKodak","https:\/\/www.instagram.com\/fotoeffekodak\/"],"logo":{"@type":"ImageObject","@id":"https:\/\/www.fotoeffe.it\/matrimonio\/#logo","inLanguage":"it-IT","url":"https:\/\/www.fotoeffe.it\/matrimonio\/wp-content\/uploads\/2023\/04\/cropped-footer-fotoeffe.png","contentUrl":"https:\/\/www.fotoeffe.it\/matrimonio\/wp-content\/uploads\/2023\/04\/cropped-footer-fotoeffe.png","width":191,"height":84,"caption":"Fotoeffe"},"image":{"@id":"https:\/\/www.fotoeffe.it\/matrimonio\/#logo"}},{"@type":"WebSite","@id":"https:\/\/www.fotoeffe.it\/matrimonio\/#website","url":"https:\/\/www.fotoeffe.it\/matrimonio\/","name":"Fotoeffe","description":"Matrimoni Catania","publisher":{"@id":"https:\/\/www.fotoeffe.it\/matrimonio\/#organization"},"potentialAction":[{"@type":"SearchAction","target":{"@type":"EntryPoint","urlTemplate":"https:\/\/www.fotoeffe.it\/matrimonio\/?s={search_term_string}"},"query-input":"required name=search_term_string"}],"inLanguage":"it-IT"},{"@type":"ImageObject","@id":"https:\/\/www.fotoeffe.it\/matrimonio\/matrimonio-album-libro-o-tradizionale\/#primaryimage","inLanguage":"it-IT","url":"https:\/\/www.fotoeffe.it\/matrimonio\/wp-content\/uploads\/2022\/02\/libro-fotografico.jpg","contentUrl":"https:\/\/www.fotoeffe.it\/matrimonio\/wp-content\/uploads\/2022\/02\/libro-fotografico.jpg","width":725,"height":290},{"@type":"WebPage","@id":"https:\/\/www.fotoeffe.it\/matrimonio\/matrimonio-album-libro-o-tradizionale\/#webpage","url":"https:\/\/www.fotoeffe.it\/matrimonio\/matrimonio-album-libro-o-tradizionale\/","name":"Matrimonio: Album libro o tradizionale?","isPartOf":{"@id":"https:\/\/www.fotoeffe.it\/matrimonio\/#website"},"primaryImageOfPage":{"@id":"https:\/\/www.fotoeffe.it\/matrimonio\/matrimonio-album-libro-o-tradizionale\/#primaryimage"},"datePublished":"2022-02-14T18:16:37+00:00","dateModified":"2022-04-01T17:48:06+00:00","description":"Negli ultimi anni, con il passaggio dall\u2019analogico al digitale, tutti i futuri sposi hanno avuto la possibilit\u00e0 di scegliere tra album libro digitale e album tradizionale.","breadcrumb":{"@id":"https:\/\/www.fotoeffe.it\/matrimonio\/matrimonio-album-libro-o-tradizionale\/#breadcrumb"},"inLanguage":"it-IT","potentialAction":[{"@type":"ReadAction","target":["https:\/\/www.fotoeffe.it\/matrimonio\/matrimonio-album-libro-o-tradizionale\/"]}]},{"@type":"BreadcrumbList","@id":"https:\/\/www.fotoeffe.it\/matrimonio\/matrimonio-album-libro-o-tradizionale\/#breadcrumb","itemListElement":[{"@type":"ListItem","position":1,"name":"Home","item":"https:\/\/www.fotoeffe.it\/matrimonio\/"},{"@type":"ListItem","position":2,"name":"Matrimonio: Album libro o tradizionale?"}]},{"@type":"Article","@id":"https:\/\/www.fotoeffe.it\/matrimonio\/matrimonio-album-libro-o-tradizionale\/#article","isPartOf":{"@id":"https:\/\/www.fotoeffe.it\/matrimonio\/matrimonio-album-libro-o-tradizionale\/#webpage"},"author":{"@id":"https:\/\/www.fotoeffe.it\/matrimonio\/#\/schema\/person\/15c7f661436856f36671105134d21f52"},"headline":"Matrimonio: Album libro o tradizionale?","datePublished":"2022-02-14T18:16:37+00:00","dateModified":"2022-04-01T17:48:06+00:00","mainEntityOfPage":{"@id":"https:\/\/www.fotoeffe.it\/matrimonio\/matrimonio-album-libro-o-tradizionale\/#webpage"},"wordCount":269,"publisher":{"@id":"https:\/\/www.fotoeffe.it\/matrimonio\/#organization"},"image":{"@id":"https:\/\/www.fotoeffe.it\/matrimonio\/matrimonio-album-libro-o-tradizionale\/#primaryimage"},"thumbnailUrl":"https:\/\/www.fotoeffe.it\/matrimonio\/wp-content\/uploads\/2022\/02\/libro-fotografico.jpg","articleSection":["blog"],"inLanguage":"it-IT"},{"@type":"Person","@id":"https:\/\/www.fotoeffe.it\/matrimonio\/#\/schema\/person\/15c7f661436856f36671105134d21f52","name":"adminfs","image":{"@type":"ImageObject","@id":"https:\/\/www.fotoeffe.it\/matrimonio\/#personlogo","inLanguage":"it-IT","url":"https:\/\/secure.gravatar.com\/avatar\/ab01a23cf377a1e4eab032014046c0b8?s=96&d=mm&r=g","contentUrl":"https:\/\/secure.gravatar.com\/avatar\/ab01a23cf377a1e4eab032014046c0b8?s=96&d=mm&r=g","caption":"adminfs"},"url":"https:\/\/www.fotoeffe.it\/matrimonio\/author\/adminfs\/"}]}},"_links":{"self":[{"href":"https:\/\/www.fotoeffe.it\/matrimonio\/wp-json\/wp\/v2\/posts\/3752"}],"collection":[{"href":"https:\/\/www.fotoeffe.it\/matrimonio\/wp-json\/wp\/v2\/posts"}],"about":[{"href":"https:\/\/www.fotoeffe.it\/matrimonio\/wp-json\/wp\/v2\/types\/post"}],"author":[{"embeddable":true,"href":"https:\/\/www.fotoeffe.it\/matrimonio\/wp-json\/wp\/v2\/users\/1"}],"replies":[{"embeddable":true,"href":"https:\/\/www.fotoeffe.it\/matrimonio\/wp-json\/wp\/v2\/comments?post=3752"}],"version-history":[{"count":3,"href":"https:\/\/www.fotoeffe.it\/matrimonio\/wp-json\/wp\/v2\/posts\/3752\/revisions"}],"predecessor-version":[{"id":3945,"href":"https:\/\/www.fotoeffe.it\/matrimonio\/wp-json\/wp\/v2\/posts\/3752\/revisions\/3945"}],"wp:featuredmedia":[{"embeddable":true,"href":"https:\/\/www.fotoeffe.it\/matrimonio\/wp-json\/wp\/v2\/media\/3944"}],"wp:attachment":[{"href":"https:\/\/www.fotoeffe.it\/matrimonio\/wp-json\/wp\/v2\/media?parent=3752"}],"wp:term":[{"taxonomy":"category","embeddable":true,"href":"https:\/\/www.fotoeffe.it\/matrimonio\/wp-json\/wp\/v2\/categories?post=3752"},{"taxonomy":"post_tag","embeddable":true,"href":"https:\/\/www.fotoeffe.it\/matrimonio\/wp-json\/wp\/v2\/tags?post=3752"}],"curies":[{"name":"wp","href":"https:\/\/api.w.org\/{rel}","templated":true}]}}