{"id":3740,"date":"2022-02-14T19:08:59","date_gmt":"2022-02-14T18:08:59","guid":{"rendered":"https:\/\/www.francescosciacca.com\/ph\/?p=3740"},"modified":"2022-04-01T19:50:59","modified_gmt":"2022-04-01T17:50:59","slug":"consigli-per-un-matrimonio-in-primavera","status":"publish","type":"post","link":"https:\/\/www.fotoeffe.it\/matrimonio\/consigli-per-un-matrimonio-in-primavera\/","title":{"rendered":"Consigli per un matrimonio in primavera"},"content":{"rendered":"\t\t<div data-elementor-type=\"wp-post\" data-elementor-id=\"3740\" class=\"elementor elementor-3740\" data-elementor-settings=\"[]\">\n\t\t\t\t\t\t<div class=\"elementor-inner\">\n\t\t\t\t\t\t\t<div class=\"elementor-section-wrap\">\n\t\t\t\t\t\t\t<section class=\"elementor-section elementor-top-section elementor-element elementor-element-6fcc6ed9 elementor-section-boxed elementor-section-height-default elementor-section-height-default\" data-id=\"6fcc6ed9\" data-element_type=\"section\">\n\t\t\t\t\t\t<div class=\"elementor-container elementor-column-gap-default\">\n\t\t\t\t\t\t\t<div class=\"elementor-row\">\n\t\t\t\t\t<div class=\"elementor-column elementor-col-100 elementor-top-column elementor-element elementor-element-35cb1c4c\" data-id=\"35cb1c4c\" data-element_type=\"column\">\n\t\t\t<div class=\"elementor-column-wrap elementor-element-populated\">\n\t\t\t\t\t\t\t<div class=\"elementor-widget-wrap\">\n\t\t\t\t\t\t<div class=\"elementor-element elementor-element-7ff26da4 elementor-widget elementor-widget-heading\" data-id=\"7ff26da4\" data-element_type=\"widget\" data-widget_type=\"heading.default\">\n\t\t\t\t<div class=\"elementor-widget-container\">\n\t\t\t<h2 class=\"elementor-heading-title elementor-size-default\">Consigli per un matrimonio in primavera<\/h2>\t\t<\/div>\n\t\t\t\t<\/div>\n\t\t\t\t<div class=\"elementor-element elementor-element-3dcc60bb elementor-widget elementor-widget-image\" data-id=\"3dcc60bb\" data-element_type=\"widget\" data-widget_type=\"image.default\">\n\t\t\t\t<div class=\"elementor-widget-container\">\n\t\t\t\t\t<div class=\"elementor-image\">\n\t\t\t\t\t\t\t\t\t\t<img width=\"800\" height=\"380\" src=\"https:\/\/www.fotoeffe.it\/matrimonio\/wp-content\/uploads\/2022\/02\/foto-blog-arca-ospiti.jpeg\" class=\"attachment-large size-large\" alt=\"\" loading=\"lazy\" srcset=\"https:\/\/www.fotoeffe.it\/matrimonio\/wp-content\/uploads\/2022\/02\/foto-blog-arca-ospiti.jpeg 800w, https:\/\/www.fotoeffe.it\/matrimonio\/wp-content\/uploads\/2022\/02\/foto-blog-arca-ospiti-300x143.jpeg 300w, https:\/\/www.fotoeffe.it\/matrimonio\/wp-content\/uploads\/2022\/02\/foto-blog-arca-ospiti-768x365.jpeg 768w\" sizes=\"(max-width: 800px) 100vw, 800px\" \/>\t\t\t\t\t\t\t\t\t\t\t<\/div>\n\t\t\t\t<\/div>\n\t\t\t\t<\/div>\n\t\t\t\t<div class=\"elementor-element elementor-element-a9b496c elementor-widget elementor-widget-text-editor\" data-id=\"a9b496c\" data-element_type=\"widget\" data-widget_type=\"text-editor.default\">\n\t\t\t\t<div class=\"elementor-widget-container\">\n\t\t\t\t\t<div class=\"elementor-text-editor elementor-clearfix\"><p style=\"text-align: justify;\"><span style=\"font-size: 12pt; color: #000000; line-height: 1.35;\">Il passaggio dall&#8217;inverno alla primavera segna l&#8217;inizio del periodo pi\u00f9 mite dell&#8217;anno e con esso l&#8217;inizio dei matrimoni all&#8217;aperto.\u00a0Il periodo primaverile \u00e8, infatti, molto richiesto per la celebrazione dei matrimoni: le temperature si alzano e le giornate si allungano. Il significativo guadagno in termini di luce regaler\u00e0\u00a0maggiore intensit\u00e0 e colori pi\u00f9 vivi alle foto e ai video\u00a0del vostro matrimonio.<\/span><\/p>\n<p style=\"text-align: justify;\"><span style=\"font-size: 12pt; color: #000000; line-height: 1.35;\"> L&#8217;atmosfera primaverile \u00e8 infatti quella pi\u00f9 ricca in termini di colori, di fiori e di paesaggi: davvero un peccato non sfruttarla.<\/span><\/p>\n<p style=\"text-align: justify;\"><span style=\"font-size: 12pt; color: #000000; line-height: 1.35;\">Ma la Primavera \u00e8 anche una stagione in cui il clima pu\u00f2 essere imprevedibile in quanto transizione dalle temperature pi\u00f9 fredde a quelle pi\u00f9 calde e la probabilit\u00e0 di qualche pioggia isolata \u00e8 maggiore rispetto all&#8217;estate: ecco perch\u00e9 molti sposi preferiscono scegliere la stagione estiva, accettando l&#8217;eventualit\u00e0 di temperature molto calde (vedi <strong><a href=\"consigli-per-un-matrimonio-estivo\" rel=\"alternate\">la nostra guida sul matrimonio estivo<\/a><\/strong>).<\/span><\/p>\n<p style=\"text-align: justify;\"><span style=\"font-size: 12pt; color: #000000; line-height: 1.35;\">Di seguito qualche piccolo consiglio che vi torner\u00e0 utile nell&#8217;organizzazione di un matrimonio primaverile:<\/span><\/p>\n<p style=\"text-align: justify;\"><span style=\"font-size: 12pt; color: #000000; line-height: 1.35;\"><strong>&#8211; Avere sempre un piano B<\/strong><\/span><\/p>\n<p style=\"text-align: justify;\"><span style=\"font-size: 12pt; color: #000000; line-height: 1.35;\">in primavera \u00e8 difficile resistere alla bellezza di un matrimonio all&#8217;aperto ma\u00a0bisogna <em>considerare il rischio di temperature pi\u00f9 basse della media stagionale o addirittura di qualche pioggia<\/em>. Proprio per questo \u00e8 importante valutare la presenza di spazi interni nel proprio locale scelto per il ricevimento che in caso di necessit\u00e0 permetteranno il proseguimento del ricevimento stesso.<\/span><\/p>\n<p style=\"text-align: justify;\"><strong><span style=\"font-size: 12pt; color: #000000; line-height: 1.35;\">&#8211; Colori e fiori<\/span><\/strong><\/p>\n<p style=\"text-align: justify;\"><span style=\"font-size: 12pt; color: #000000; line-height: 1.35;\">la primavera richiama in mente colori vivaci e paesaggi fioriti. Bisogna quindi\u00a0trasmettere queste sensazioni anche nel giorno del proprio matrimonio. Utilizzate quindi colori vivaci\u00a0(corallo, verde, rosso)\u00a0in tutte le fasi delle nozze: dalle decorazioni floreali in chiesa agli addobbi del locale di ricevimento, dall&#8217;abito da sposa ai vestiti delle damigelle, e non per ultimo le decorazioni della partecipazioni. Colorate il vostro matrimonio secondo i gusti personali. <\/span><\/p>\n<p style=\"text-align: justify;\"><span style=\"font-size: 12pt; color: #000000; line-height: 1.35;\">Altro aspetto importante \u00e8 quello dei fiori. In primavera c&#8217;\u00e8 l&#8217;imbarazzo della scelta: peonie, ranuncoli, anemoni, lill\u00e0, orchidee, ortensie, tulipani e molto altro. Fatevi consigliare dal fiorista per trovare la soluzione pi\u00f9 adatta alle vostre nozze.<\/span><\/p>\n<p style=\"text-align: justify;\"><strong><span style=\"font-size: 12pt; color: #000000; line-height: 1.35;\">&#8211; Festivit\u00e0 religiose<\/span><\/strong><\/p>\n<p style=\"text-align: justify;\"><span style=\"font-size: 12pt; color: #000000; line-height: 1.35;\">Nel caso di matrimoni religiosi bisogna considerare il fatto che durante il periodo primaverile sono presenti i giorni della Pasqua e della Quaresima.\u00a0In molte parrocchie (ma non tutte) durante i quaranta giorni che precedono la Pasqua non vengono celebrati matrimoni; questo aspetto \u00e8 da considerare nella scelta della data del matrimonio.<\/span><\/p>\n<p style=\"text-align: justify;\"><strong><span style=\"font-size: 12pt; color: #000000; line-height: 1.35;\">&#8211; Allergie<\/span><\/strong><\/p>\n<p style=\"text-align: justify;\"><span style=\"font-size: 12pt; color: #000000; line-height: 1.35;\">Quasi sempre gli sposi valutano la presenza di intolleranze alimentari dei propri ospiti nella scelta del menu gastronomico. Ma in Primavera \u00e8 importante anche considerare eventuali allergie dovute al polline o alla fioritura di particolari piante. Questo accorgimento render\u00e0 speciale anche la giornata dei vostri ospiti.<\/span><\/p><\/div>\n\t\t\t\t<\/div>\n\t\t\t\t<\/div>\n\t\t\t\t\t\t<\/div>\n\t\t\t\t\t<\/div>\n\t\t<\/div>\n\t\t\t\t\t\t\t\t<\/div>\n\t\t\t\t\t<\/div>\n\t\t<\/section>\n\t\t\t\t\t\t<\/div>\n\t\t\t\t\t\t<\/div>\n\t\t\t\t\t<\/div>\n\t\t","protected":false},"excerpt":{"rendered":"<p>Consigli per un matrimonio in primavera Il passaggio dall&#8217;inverno alla primavera segna l&#8217;inizio del periodo pi\u00f9 mite dell&#8217;anno e con esso l&#8217;inizio dei matrimoni all&#8217;aperto.&nbsp;Il periodo primaverile \u00e8, infatti, molto &#8230;<\/p>\n","protected":false},"author":1,"featured_media":3948,"comment_status":"closed","ping_status":"closed","sticky":false,"template":"","format":"standard","meta":{"ngg_post_thumbnail":0},"categories":[182],"tags":[],"yoast_head":"<!-- This site is optimized with the Yoast SEO plugin v18.2 - https:\/\/yoast.com\/wordpress\/plugins\/seo\/ -->\n<title>Consigli per un matrimonio in primavera<\/title>\n<meta name=\"description\" content=\"Il passaggio dall\u2019inverno alla primavera segna l\u2019inizio del periodo pi\u00f9 mite dell\u2019anno e con esso l\u2019inizio dei matrimoni all\u2019aperto.\" \/>\n<meta name=\"robots\" content=\"index, follow, max-snippet:-1, max-image-preview:large, max-video-preview:-1\" \/>\n<link rel=\"canonical\" href=\"https:\/\/www.fotoeffe.it\/matrimonio\/consigli-per-un-matrimonio-in-primavera\/\" \/>\n<meta property=\"og:locale\" content=\"it_IT\" \/>\n<meta property=\"og:type\" content=\"article\" \/>\n<meta property=\"og:title\" content=\"Consigli per un matrimonio in primavera\" \/>\n<meta property=\"og:description\" content=\"Il passaggio dall\u2019inverno alla primavera segna l\u2019inizio del periodo pi\u00f9 mite dell\u2019anno e con esso l\u2019inizio dei matrimoni all\u2019aperto.\" \/>\n<meta property=\"og:url\" content=\"https:\/\/www.fotoeffe.it\/matrimonio\/consigli-per-un-matrimonio-in-primavera\/\" \/>\n<meta property=\"og:site_name\" content=\"Fotoeffe\" \/>\n<meta property=\"article:publisher\" content=\"https:\/\/www.facebook.com\/FotoeffeKodak\" \/>\n<meta property=\"article:published_time\" content=\"2022-02-14T18:08:59+00:00\" \/>\n<meta property=\"article:modified_time\" content=\"2022-04-01T17:50:59+00:00\" \/>\n<meta property=\"og:image\" content=\"https:\/\/www.fotoeffe.it\/matrimonio\/wp-content\/uploads\/2022\/02\/matrimonio-in-spiaggia.jpg\" \/>\n\t<meta property=\"og:image:width\" content=\"800\" \/>\n\t<meta property=\"og:image:height\" content=\"320\" \/>\n\t<meta property=\"og:image:type\" content=\"image\/jpeg\" \/>\n<meta name=\"twitter:label1\" content=\"Scritto da\" \/>\n\t<meta name=\"twitter:data1\" content=\"adminfs\" \/>\n\t<meta name=\"twitter:label2\" content=\"Tempo di lettura stimato\" \/>\n\t<meta name=\"twitter:data2\" content=\"3 minuti\" \/>\n<script type=\"application\/ld+json\" class=\"yoast-schema-graph\">{\"@context\":\"https:\/\/schema.org\",\"@graph\":[{\"@type\":\"Organization\",\"@id\":\"https:\/\/www.fotoeffe.it\/matrimonio\/#organization\",\"name\":\"Fotoeffe\",\"url\":\"https:\/\/www.fotoeffe.it\/matrimonio\/\",\"sameAs\":[\"https:\/\/www.facebook.com\/FotoeffeKodak\",\"https:\/\/www.instagram.com\/fotoeffekodak\/\"],\"logo\":{\"@type\":\"ImageObject\",\"@id\":\"https:\/\/www.fotoeffe.it\/matrimonio\/#logo\",\"inLanguage\":\"it-IT\",\"url\":\"https:\/\/www.fotoeffe.it\/matrimonio\/wp-content\/uploads\/2023\/04\/cropped-footer-fotoeffe.png\",\"contentUrl\":\"https:\/\/www.fotoeffe.it\/matrimonio\/wp-content\/uploads\/2023\/04\/cropped-footer-fotoeffe.png\",\"width\":191,\"height\":84,\"caption\":\"Fotoeffe\"},\"image\":{\"@id\":\"https:\/\/www.fotoeffe.it\/matrimonio\/#logo\"}},{\"@type\":\"WebSite\",\"@id\":\"https:\/\/www.fotoeffe.it\/matrimonio\/#website\",\"url\":\"https:\/\/www.fotoeffe.it\/matrimonio\/\",\"name\":\"Fotoeffe\",\"description\":\"Matrimoni Catania\",\"publisher\":{\"@id\":\"https:\/\/www.fotoeffe.it\/matrimonio\/#organization\"},\"potentialAction\":[{\"@type\":\"SearchAction\",\"target\":{\"@type\":\"EntryPoint\",\"urlTemplate\":\"https:\/\/www.fotoeffe.it\/matrimonio\/?s={search_term_string}\"},\"query-input\":\"required name=search_term_string\"}],\"inLanguage\":\"it-IT\"},{\"@type\":\"ImageObject\",\"@id\":\"https:\/\/www.fotoeffe.it\/matrimonio\/consigli-per-un-matrimonio-in-primavera\/#primaryimage\",\"inLanguage\":\"it-IT\",\"url\":\"https:\/\/www.fotoeffe.it\/matrimonio\/wp-content\/uploads\/2022\/02\/matrimonio-in-spiaggia.jpg\",\"contentUrl\":\"https:\/\/www.fotoeffe.it\/matrimonio\/wp-content\/uploads\/2022\/02\/matrimonio-in-spiaggia.jpg\",\"width\":800,\"height\":320},{\"@type\":\"WebPage\",\"@id\":\"https:\/\/www.fotoeffe.it\/matrimonio\/consigli-per-un-matrimonio-in-primavera\/#webpage\",\"url\":\"https:\/\/www.fotoeffe.it\/matrimonio\/consigli-per-un-matrimonio-in-primavera\/\",\"name\":\"Consigli per un matrimonio in primavera\",\"isPartOf\":{\"@id\":\"https:\/\/www.fotoeffe.it\/matrimonio\/#website\"},\"primaryImageOfPage\":{\"@id\":\"https:\/\/www.fotoeffe.it\/matrimonio\/consigli-per-un-matrimonio-in-primavera\/#primaryimage\"},\"datePublished\":\"2022-02-14T18:08:59+00:00\",\"dateModified\":\"2022-04-01T17:50:59+00:00\",\"description\":\"Il passaggio dall\u2019inverno alla primavera segna l\u2019inizio del periodo pi\u00f9 mite dell\u2019anno e con esso l\u2019inizio dei matrimoni all\u2019aperto.\",\"breadcrumb\":{\"@id\":\"https:\/\/www.fotoeffe.it\/matrimonio\/consigli-per-un-matrimonio-in-primavera\/#breadcrumb\"},\"inLanguage\":\"it-IT\",\"potentialAction\":[{\"@type\":\"ReadAction\",\"target\":[\"https:\/\/www.fotoeffe.it\/matrimonio\/consigli-per-un-matrimonio-in-primavera\/\"]}]},{\"@type\":\"BreadcrumbList\",\"@id\":\"https:\/\/www.fotoeffe.it\/matrimonio\/consigli-per-un-matrimonio-in-primavera\/#breadcrumb\",\"itemListElement\":[{\"@type\":\"ListItem\",\"position\":1,\"name\":\"Home\",\"item\":\"https:\/\/www.fotoeffe.it\/matrimonio\/\"},{\"@type\":\"ListItem\",\"position\":2,\"name\":\"Consigli per un matrimonio in primavera\"}]},{\"@type\":\"Article\",\"@id\":\"https:\/\/www.fotoeffe.it\/matrimonio\/consigli-per-un-matrimonio-in-primavera\/#article\",\"isPartOf\":{\"@id\":\"https:\/\/www.fotoeffe.it\/matrimonio\/consigli-per-un-matrimonio-in-primavera\/#webpage\"},\"author\":{\"@id\":\"https:\/\/www.fotoeffe.it\/matrimonio\/#\/schema\/person\/15c7f661436856f36671105134d21f52\"},\"headline\":\"Consigli per un matrimonio in primavera\",\"datePublished\":\"2022-02-14T18:08:59+00:00\",\"dateModified\":\"2022-04-01T17:50:59+00:00\",\"mainEntityOfPage\":{\"@id\":\"https:\/\/www.fotoeffe.it\/matrimonio\/consigli-per-un-matrimonio-in-primavera\/#webpage\"},\"wordCount\":440,\"publisher\":{\"@id\":\"https:\/\/www.fotoeffe.it\/matrimonio\/#organization\"},\"image\":{\"@id\":\"https:\/\/www.fotoeffe.it\/matrimonio\/consigli-per-un-matrimonio-in-primavera\/#primaryimage\"},\"thumbnailUrl\":\"https:\/\/www.fotoeffe.it\/matrimonio\/wp-content\/uploads\/2022\/02\/matrimonio-in-spiaggia.jpg\",\"articleSection\":[\"blog\"],\"inLanguage\":\"it-IT\"},{\"@type\":\"Person\",\"@id\":\"https:\/\/www.fotoeffe.it\/matrimonio\/#\/schema\/person\/15c7f661436856f36671105134d21f52\",\"name\":\"adminfs\",\"image\":{\"@type\":\"ImageObject\",\"@id\":\"https:\/\/www.fotoeffe.it\/matrimonio\/#personlogo\",\"inLanguage\":\"it-IT\",\"url\":\"https:\/\/secure.gravatar.com\/avatar\/ab01a23cf377a1e4eab032014046c0b8?s=96&d=mm&r=g\",\"contentUrl\":\"https:\/\/secure.gravatar.com\/avatar\/ab01a23cf377a1e4eab032014046c0b8?s=96&d=mm&r=g\",\"caption\":\"adminfs\"},\"url\":\"https:\/\/www.fotoeffe.it\/matrimonio\/author\/adminfs\/\"}]}<\/script>\n<!-- \/ Yoast SEO plugin. -->","yoast_head_json":{"title":"Consigli per un matrimonio in primavera","description":"Il passaggio dall\u2019inverno alla primavera segna l\u2019inizio del periodo pi\u00f9 mite dell\u2019anno e con esso l\u2019inizio dei matrimoni all\u2019aperto.","robots":{"index":"index","follow":"follow","max-snippet":"max-snippet:-1","max-image-preview":"max-image-preview:large","max-video-preview":"max-video-preview:-1"},"canonical":"https:\/\/www.fotoeffe.it\/matrimonio\/consigli-per-un-matrimonio-in-primavera\/","og_locale":"it_IT","og_type":"article","og_title":"Consigli per un matrimonio in primavera","og_description":"Il passaggio dall\u2019inverno alla primavera segna l\u2019inizio del periodo pi\u00f9 mite dell\u2019anno e con esso l\u2019inizio dei matrimoni all\u2019aperto.","og_url":"https:\/\/www.fotoeffe.it\/matrimonio\/consigli-per-un-matrimonio-in-primavera\/","og_site_name":"Fotoeffe","article_publisher":"https:\/\/www.facebook.com\/FotoeffeKodak","article_published_time":"2022-02-14T18:08:59+00:00","article_modified_time":"2022-04-01T17:50:59+00:00","og_image":[{"width":800,"height":320,"url":"https:\/\/www.fotoeffe.it\/matrimonio\/wp-content\/uploads\/2022\/02\/matrimonio-in-spiaggia.jpg","type":"image\/jpeg"}],"twitter_misc":{"Scritto da":"adminfs","Tempo di lettura stimato":"3 minuti"},"schema":{"@context":"https:\/\/schema.org","@graph":[{"@type":"Organization","@id":"https:\/\/www.fotoeffe.it\/matrimonio\/#organization","name":"Fotoeffe","url":"https:\/\/www.fotoeffe.it\/matrimonio\/","sameAs":["https:\/\/www.facebook.com\/FotoeffeKodak","https:\/\/www.instagram.com\/fotoeffekodak\/"],"logo":{"@type":"ImageObject","@id":"https:\/\/www.fotoeffe.it\/matrimonio\/#logo","inLanguage":"it-IT","url":"https:\/\/www.fotoeffe.it\/matrimonio\/wp-content\/uploads\/2023\/04\/cropped-footer-fotoeffe.png","contentUrl":"https:\/\/www.fotoeffe.it\/matrimonio\/wp-content\/uploads\/2023\/04\/cropped-footer-fotoeffe.png","width":191,"height":84,"caption":"Fotoeffe"},"image":{"@id":"https:\/\/www.fotoeffe.it\/matrimonio\/#logo"}},{"@type":"WebSite","@id":"https:\/\/www.fotoeffe.it\/matrimonio\/#website","url":"https:\/\/www.fotoeffe.it\/matrimonio\/","name":"Fotoeffe","description":"Matrimoni Catania","publisher":{"@id":"https:\/\/www.fotoeffe.it\/matrimonio\/#organization"},"potentialAction":[{"@type":"SearchAction","target":{"@type":"EntryPoint","urlTemplate":"https:\/\/www.fotoeffe.it\/matrimonio\/?s={search_term_string}"},"query-input":"required name=search_term_string"}],"inLanguage":"it-IT"},{"@type":"ImageObject","@id":"https:\/\/www.fotoeffe.it\/matrimonio\/consigli-per-un-matrimonio-in-primavera\/#primaryimage","inLanguage":"it-IT","url":"https:\/\/www.fotoeffe.it\/matrimonio\/wp-content\/uploads\/2022\/02\/matrimonio-in-spiaggia.jpg","contentUrl":"https:\/\/www.fotoeffe.it\/matrimonio\/wp-content\/uploads\/2022\/02\/matrimonio-in-spiaggia.jpg","width":800,"height":320},{"@type":"WebPage","@id":"https:\/\/www.fotoeffe.it\/matrimonio\/consigli-per-un-matrimonio-in-primavera\/#webpage","url":"https:\/\/www.fotoeffe.it\/matrimonio\/consigli-per-un-matrimonio-in-primavera\/","name":"Consigli per un matrimonio in primavera","isPartOf":{"@id":"https:\/\/www.fotoeffe.it\/matrimonio\/#website"},"primaryImageOfPage":{"@id":"https:\/\/www.fotoeffe.it\/matrimonio\/consigli-per-un-matrimonio-in-primavera\/#primaryimage"},"datePublished":"2022-02-14T18:08:59+00:00","dateModified":"2022-04-01T17:50:59+00:00","description":"Il passaggio dall\u2019inverno alla primavera segna l\u2019inizio del periodo pi\u00f9 mite dell\u2019anno e con esso l\u2019inizio dei matrimoni all\u2019aperto.","breadcrumb":{"@id":"https:\/\/www.fotoeffe.it\/matrimonio\/consigli-per-un-matrimonio-in-primavera\/#breadcrumb"},"inLanguage":"it-IT","potentialAction":[{"@type":"ReadAction","target":["https:\/\/www.fotoeffe.it\/matrimonio\/consigli-per-un-matrimonio-in-primavera\/"]}]},{"@type":"BreadcrumbList","@id":"https:\/\/www.fotoeffe.it\/matrimonio\/consigli-per-un-matrimonio-in-primavera\/#breadcrumb","itemListElement":[{"@type":"ListItem","position":1,"name":"Home","item":"https:\/\/www.fotoeffe.it\/matrimonio\/"},{"@type":"ListItem","position":2,"name":"Consigli per un matrimonio in primavera"}]},{"@type":"Article","@id":"https:\/\/www.fotoeffe.it\/matrimonio\/consigli-per-un-matrimonio-in-primavera\/#article","isPartOf":{"@id":"https:\/\/www.fotoeffe.it\/matrimonio\/consigli-per-un-matrimonio-in-primavera\/#webpage"},"author":{"@id":"https:\/\/www.fotoeffe.it\/matrimonio\/#\/schema\/person\/15c7f661436856f36671105134d21f52"},"headline":"Consigli per un matrimonio in primavera","datePublished":"2022-02-14T18:08:59+00:00","dateModified":"2022-04-01T17:50:59+00:00","mainEntityOfPage":{"@id":"https:\/\/www.fotoeffe.it\/matrimonio\/consigli-per-un-matrimonio-in-primavera\/#webpage"},"wordCount":440,"publisher":{"@id":"https:\/\/www.fotoeffe.it\/matrimonio\/#organization"},"image":{"@id":"https:\/\/www.fotoeffe.it\/matrimonio\/consigli-per-un-matrimonio-in-primavera\/#primaryimage"},"thumbnailUrl":"https:\/\/www.fotoeffe.it\/matrimonio\/wp-content\/uploads\/2022\/02\/matrimonio-in-spiaggia.jpg","articleSection":["blog"],"inLanguage":"it-IT"},{"@type":"Person","@id":"https:\/\/www.fotoeffe.it\/matrimonio\/#\/schema\/person\/15c7f661436856f36671105134d21f52","name":"adminfs","image":{"@type":"ImageObject","@id":"https:\/\/www.fotoeffe.it\/matrimonio\/#personlogo","inLanguage":"it-IT","url":"https:\/\/secure.gravatar.com\/avatar\/ab01a23cf377a1e4eab032014046c0b8?s=96&d=mm&r=g","contentUrl":"https:\/\/secure.gravatar.com\/avatar\/ab01a23cf377a1e4eab032014046c0b8?s=96&d=mm&r=g","caption":"adminfs"},"url":"https:\/\/www.fotoeffe.it\/matrimonio\/author\/adminfs\/"}]}},"_links":{"self":[{"href":"https:\/\/www.fotoeffe.it\/matrimonio\/wp-json\/wp\/v2\/posts\/3740"}],"collection":[{"href":"https:\/\/www.fotoeffe.it\/matrimonio\/wp-json\/wp\/v2\/posts"}],"about":[{"href":"https:\/\/www.fotoeffe.it\/matrimonio\/wp-json\/wp\/v2\/types\/post"}],"author":[{"embeddable":true,"href":"https:\/\/www.fotoeffe.it\/matrimonio\/wp-json\/wp\/v2\/users\/1"}],"replies":[{"embeddable":true,"href":"https:\/\/www.fotoeffe.it\/matrimonio\/wp-json\/wp\/v2\/comments?post=3740"}],"version-history":[{"count":3,"href":"https:\/\/www.fotoeffe.it\/matrimonio\/wp-json\/wp\/v2\/posts\/3740\/revisions"}],"predecessor-version":[{"id":3949,"href":"https:\/\/www.fotoeffe.it\/matrimonio\/wp-json\/wp\/v2\/posts\/3740\/revisions\/3949"}],"wp:featuredmedia":[{"embeddable":true,"href":"https:\/\/www.fotoeffe.it\/matrimonio\/wp-json\/wp\/v2\/media\/3948"}],"wp:attachment":[{"href":"https:\/\/www.fotoeffe.it\/matrimonio\/wp-json\/wp\/v2\/media?parent=3740"}],"wp:term":[{"taxonomy":"category","embeddable":true,"href":"https:\/\/www.fotoeffe.it\/matrimonio\/wp-json\/wp\/v2\/categories?post=3740"},{"taxonomy":"post_tag","embeddable":true,"href":"https:\/\/www.fotoeffe.it\/matrimonio\/wp-json\/wp\/v2\/tags?post=3740"}],"curies":[{"name":"wp","href":"https:\/\/api.w.org\/{rel}","templated":true}]}}