{"id":3693,"date":"2022-02-14T18:43:01","date_gmt":"2022-02-14T17:43:01","guid":{"rendered":"https:\/\/www.francescosciacca.com\/ph\/?p=3693"},"modified":"2022-04-01T20:06:05","modified_gmt":"2022-04-01T18:06:05","slug":"matrimonio-di-giorno-o-di-sera-parte-prima","status":"publish","type":"post","link":"https:\/\/www.fotoeffe.it\/matrimonio\/matrimonio-di-giorno-o-di-sera-parte-prima\/","title":{"rendered":"Matrimonio di giorno o di sera? (parte prima)"},"content":{"rendered":"\t\t<div data-elementor-type=\"wp-post\" data-elementor-id=\"3693\" class=\"elementor elementor-3693\" data-elementor-settings=\"[]\">\n\t\t\t\t\t\t<div class=\"elementor-inner\">\n\t\t\t\t\t\t\t<div class=\"elementor-section-wrap\">\n\t\t\t\t\t\t\t<section class=\"elementor-section elementor-top-section elementor-element elementor-element-528d2aa7 elementor-section-boxed elementor-section-height-default elementor-section-height-default\" data-id=\"528d2aa7\" data-element_type=\"section\">\n\t\t\t\t\t\t<div class=\"elementor-container elementor-column-gap-default\">\n\t\t\t\t\t\t\t<div class=\"elementor-row\">\n\t\t\t\t\t<div class=\"elementor-column elementor-col-100 elementor-top-column elementor-element elementor-element-3524835c\" data-id=\"3524835c\" data-element_type=\"column\">\n\t\t\t<div class=\"elementor-column-wrap elementor-element-populated\">\n\t\t\t\t\t\t\t<div class=\"elementor-widget-wrap\">\n\t\t\t\t\t\t<div class=\"elementor-element elementor-element-347f313a elementor-widget elementor-widget-heading\" data-id=\"347f313a\" data-element_type=\"widget\" data-widget_type=\"heading.default\">\n\t\t\t\t<div class=\"elementor-widget-container\">\n\t\t\t<h2 class=\"elementor-heading-title elementor-size-default\">Matrimonio di giorno o di sera? (parte prima)<\/h2>\t\t<\/div>\n\t\t\t\t<\/div>\n\t\t\t\t<div class=\"elementor-element elementor-element-7bfecf5f elementor-widget elementor-widget-image\" data-id=\"7bfecf5f\" data-element_type=\"widget\" data-widget_type=\"image.default\">\n\t\t\t\t<div class=\"elementor-widget-container\">\n\t\t\t\t\t<div class=\"elementor-image\">\n\t\t\t\t\t\t\t\t\t\t<img width=\"800\" height=\"423\" src=\"https:\/\/www.fotoeffe.it\/matrimonio\/wp-content\/uploads\/2022\/02\/foto-blog-coppia-fiori.jpeg\" class=\"attachment-large size-large\" alt=\"\" loading=\"lazy\" srcset=\"https:\/\/www.fotoeffe.it\/matrimonio\/wp-content\/uploads\/2022\/02\/foto-blog-coppia-fiori.jpeg 800w, https:\/\/www.fotoeffe.it\/matrimonio\/wp-content\/uploads\/2022\/02\/foto-blog-coppia-fiori-300x159.jpeg 300w, https:\/\/www.fotoeffe.it\/matrimonio\/wp-content\/uploads\/2022\/02\/foto-blog-coppia-fiori-768x406.jpeg 768w\" sizes=\"(max-width: 800px) 100vw, 800px\" \/>\t\t\t\t\t\t\t\t\t\t\t<\/div>\n\t\t\t\t<\/div>\n\t\t\t\t<\/div>\n\t\t\t\t<div class=\"elementor-element elementor-element-5af0c298 elementor-widget elementor-widget-text-editor\" data-id=\"5af0c298\" data-element_type=\"widget\" data-widget_type=\"text-editor.default\">\n\t\t\t\t<div class=\"elementor-widget-container\">\n\t\t\t\t\t<div class=\"elementor-text-editor elementor-clearfix\"><p style=\"text-align: justify;\"><span style=\"font-size: 12pt; color: #000000; line-height: 1.35;\">Una delle prime scelte che i futuri sposi devono affrontare \u00e8 quella di celebrare il proprio matrimonio di giorno\u00a0o di sera. Qualunque sia la decisione finale, essa condizioner\u00e0 tutte le altre fasi dell&#8217;organizzazione delle nozze. E&#8217; quindi importante avere le idee chiare a riguardo prima dell&#8217;organizzazione del proprio matrimonio.<\/span>\u00a0<\/p>\n<h3><span style=\"font-size: 12pt; color: #000000;\">Matrimonio di giorno<\/span>\u00a0<\/h3>\n<p><span style=\"font-size: 12pt; color: #000000;\">VANTAGGI<\/span><\/p>\n<p style=\"text-align: justify;\"><span style=\"font-size: 12pt; color: #000000;\"><span style=\"line-height: 1.35;\"><strong>Pi\u00f9 tempo a disposizione<\/strong>:<\/span> se\u00a0deciderete di sposarvi di mattina avrete molto pi\u00f9 tempo a disposizione per festeggiare il giorno pi\u00f9 bello della vostra vita. Ci sar\u00e0, quindi, pi\u00f9 tempo da condividere con i propri cari durante il ricevimento, i balli (o l&#8217;animazione) e il reportage fotografico. Quest&#8217;ultimo aspetto, in particolare, rimanda al punto successivo.<\/span><\/p>\n<p style=\"text-align: justify;\"><span style=\"font-size: 12pt; color: #000000;\"><strong>Pi\u00f9 foto con luce naturale:<\/strong>\u00a0celebrare il matrimonio di giorno significa vivere tutte le ore di luce della giornata (che comunque variano in base al periodo dell&#8217;anno) donando alle proprie foto una luce pi\u00f9 naturale che rimane, nonostante la possibilit\u00e0 di fotografare anche in condizioni di luce scarsa grazie alle sempre pi\u00f9 evolute attrezzature, insostituibile.<\/span><\/p>\n<p style=\"text-align: justify;\"><span style=\"color: #000000; font-size: 12pt;\"><span style=\"line-height: 1.35;\"><strong>Bambini e anziani pi\u00f9 a loro agio:<\/strong> se tra i vostri invitati sono presenti molti bambini e\/o anziani dovreste considerare la possibilit\u00e0 del matrimonio diurno che, evitando di tardare la sera, riduce i disagi.<\/span><\/span><\/p>\n<p style=\"text-align: justify;\"><span style=\"color: #000000; font-size: 12pt;\"><span style=\"line-height: 1.35;\">SVANTAGGI<\/span><\/span><\/p>\n<p style=\"text-align: justify;\"><span style=\"font-size: 12pt; color: #000000;\"><strong>Durata maggiore del matrimonio:\u00a0<\/strong>se, come abbiamo visto in precedenza, il matrimonio di giorno permette di avere pi\u00f9 tempo a disposizione, bisogna considerare che\u00a0questo potrebbe stancare maggiormente alcuni invitati (rispetto al matrimonio serale). Inoltre bisogna organizzare la giornata per evitare di generare troppa attesa tra i vari momenti della giornata.<\/span><\/p>\n<p style=\"text-align: justify;\"><span style=\"font-size: 12pt; color: #000000; line-height: 1.35;\"><strong>Possibile aumento dei costi:<\/strong> ci sono alcune variabili che potrebbero incidere in negativo sui costi, come il maggior numero di portate di un ricevimento diurno, l&#8217;eventuale aumento del costo di affitto del locale e\/o ristorante e, non per ultimo, l&#8217;aumento delle ore lavorative di assistenti di sala, animatori e musicisti.<\/span><\/p>\n<p style=\"text-align: justify;\"><span style=\"font-size: 12pt; color: #000000; line-height: 1.35;\"><strong>Necessit\u00e0 di svegliarsi presto:<\/strong> se si opta per il matrimonio\u00a0al mattino \u00e8 inevitabile che per tutti (ma soprattutto per la sposa e per lo sposo)\u00a0la giornata inizia prima. Bisogna infatti considerare che parrucchiere, truccatrice e operatori foto\/video arrivano a casa degli sposi con un vantaggio di alcune ore rispetto all&#8217;inizio della celebrazione.<\/span><\/p>\n<p style=\"text-align: justify;\"><span style=\"font-size: 12pt; color: #000000; line-height: 1.35;\"><strong>Temperature pi\u00f9 alte:<\/strong>\u00a0se la data delle nozze coincide con i mesi pi\u00f9 caldi dell&#8217;anno \u00e8 d&#8217;obbligo considerare che probabilmente ci sar\u00e0 pi\u00f9 caldo, che pu\u00f2 causare eventuali disagi agli\u00a0sposi e ai loro invitati (e, in questo senso, alcuni abiti da sposa particolarmente decorati di certo non aiutano ad abbassare le temperature).<\/span><\/p>\n<p style=\"text-align: justify;\"><span style=\"font-size: 12pt; color: #000000; line-height: 1.35;\">Nel prossimo appuntamento vedremo<strong> <a href=\"matrimonio-di-giorno-o-di-sera-parte-seconda\" rel=\"alternate\">i pro ed i contro del matrimonio di sera<\/a>.<\/strong><\/span><\/p><\/div>\n\t\t\t\t<\/div>\n\t\t\t\t<\/div>\n\t\t\t\t\t\t<\/div>\n\t\t\t\t\t<\/div>\n\t\t<\/div>\n\t\t\t\t\t\t\t\t<\/div>\n\t\t\t\t\t<\/div>\n\t\t<\/section>\n\t\t\t\t\t\t<\/div>\n\t\t\t\t\t\t<\/div>\n\t\t\t\t\t<\/div>\n\t\t","protected":false},"excerpt":{"rendered":"<p>Matrimonio di giorno o di sera? (parte prima) Una delle prime scelte che i futuri sposi devono affrontare \u00e8 quella di celebrare il proprio matrimonio di giorno&nbsp;o di sera. Qualunque &#8230;<\/p>\n","protected":false},"author":1,"featured_media":3967,"comment_status":"closed","ping_status":"closed","sticky":false,"template":"","format":"standard","meta":{"ngg_post_thumbnail":0},"categories":[182],"tags":[],"yoast_head":"<!-- This site is optimized with the Yoast SEO plugin v18.2 - https:\/\/yoast.com\/wordpress\/plugins\/seo\/ -->\n<title>Matrimonio di giorno o di sera? (parte prima)<\/title>\n<meta name=\"description\" content=\"Una delle prime scelte che i futuri sposi devono affrontare \u00e8 quella di celebrare il proprio matrimonio di giorno o di sera.\" \/>\n<meta name=\"robots\" content=\"index, follow, max-snippet:-1, max-image-preview:large, max-video-preview:-1\" \/>\n<link rel=\"canonical\" href=\"https:\/\/www.fotoeffe.it\/matrimonio\/matrimonio-di-giorno-o-di-sera-parte-prima\/\" \/>\n<meta property=\"og:locale\" content=\"it_IT\" \/>\n<meta property=\"og:type\" content=\"article\" \/>\n<meta property=\"og:title\" content=\"Matrimonio di giorno o di sera? (parte prima)\" \/>\n<meta property=\"og:description\" content=\"Una delle prime scelte che i futuri sposi devono affrontare \u00e8 quella di celebrare il proprio matrimonio di giorno o di sera.\" \/>\n<meta property=\"og:url\" content=\"https:\/\/www.fotoeffe.it\/matrimonio\/matrimonio-di-giorno-o-di-sera-parte-prima\/\" \/>\n<meta property=\"og:site_name\" content=\"Fotoeffe\" \/>\n<meta property=\"article:publisher\" content=\"https:\/\/www.facebook.com\/FotoeffeKodak\" \/>\n<meta property=\"article:published_time\" content=\"2022-02-14T17:43:01+00:00\" \/>\n<meta property=\"article:modified_time\" content=\"2022-04-01T18:06:05+00:00\" \/>\n<meta property=\"og:image\" content=\"https:\/\/www.fotoeffe.it\/matrimonio\/wp-content\/uploads\/2022\/02\/matrimonio-fiori.jpg\" \/>\n\t<meta property=\"og:image:width\" content=\"800\" \/>\n\t<meta property=\"og:image:height\" content=\"320\" \/>\n\t<meta property=\"og:image:type\" content=\"image\/jpeg\" \/>\n<meta name=\"twitter:label1\" content=\"Scritto da\" \/>\n\t<meta name=\"twitter:data1\" content=\"adminfs\" \/>\n\t<meta name=\"twitter:label2\" content=\"Tempo di lettura stimato\" \/>\n\t<meta name=\"twitter:data2\" content=\"3 minuti\" \/>\n<script type=\"application\/ld+json\" class=\"yoast-schema-graph\">{\"@context\":\"https:\/\/schema.org\",\"@graph\":[{\"@type\":\"Organization\",\"@id\":\"https:\/\/www.fotoeffe.it\/matrimonio\/#organization\",\"name\":\"Fotoeffe\",\"url\":\"https:\/\/www.fotoeffe.it\/matrimonio\/\",\"sameAs\":[\"https:\/\/www.facebook.com\/FotoeffeKodak\",\"https:\/\/www.instagram.com\/fotoeffekodak\/\"],\"logo\":{\"@type\":\"ImageObject\",\"@id\":\"https:\/\/www.fotoeffe.it\/matrimonio\/#logo\",\"inLanguage\":\"it-IT\",\"url\":\"https:\/\/www.fotoeffe.it\/matrimonio\/wp-content\/uploads\/2023\/04\/cropped-footer-fotoeffe.png\",\"contentUrl\":\"https:\/\/www.fotoeffe.it\/matrimonio\/wp-content\/uploads\/2023\/04\/cropped-footer-fotoeffe.png\",\"width\":191,\"height\":84,\"caption\":\"Fotoeffe\"},\"image\":{\"@id\":\"https:\/\/www.fotoeffe.it\/matrimonio\/#logo\"}},{\"@type\":\"WebSite\",\"@id\":\"https:\/\/www.fotoeffe.it\/matrimonio\/#website\",\"url\":\"https:\/\/www.fotoeffe.it\/matrimonio\/\",\"name\":\"Fotoeffe\",\"description\":\"Matrimoni Catania\",\"publisher\":{\"@id\":\"https:\/\/www.fotoeffe.it\/matrimonio\/#organization\"},\"potentialAction\":[{\"@type\":\"SearchAction\",\"target\":{\"@type\":\"EntryPoint\",\"urlTemplate\":\"https:\/\/www.fotoeffe.it\/matrimonio\/?s={search_term_string}\"},\"query-input\":\"required name=search_term_string\"}],\"inLanguage\":\"it-IT\"},{\"@type\":\"ImageObject\",\"@id\":\"https:\/\/www.fotoeffe.it\/matrimonio\/matrimonio-di-giorno-o-di-sera-parte-prima\/#primaryimage\",\"inLanguage\":\"it-IT\",\"url\":\"https:\/\/www.fotoeffe.it\/matrimonio\/wp-content\/uploads\/2022\/02\/matrimonio-fiori.jpg\",\"contentUrl\":\"https:\/\/www.fotoeffe.it\/matrimonio\/wp-content\/uploads\/2022\/02\/matrimonio-fiori.jpg\",\"width\":800,\"height\":320},{\"@type\":\"WebPage\",\"@id\":\"https:\/\/www.fotoeffe.it\/matrimonio\/matrimonio-di-giorno-o-di-sera-parte-prima\/#webpage\",\"url\":\"https:\/\/www.fotoeffe.it\/matrimonio\/matrimonio-di-giorno-o-di-sera-parte-prima\/\",\"name\":\"Matrimonio di giorno o di sera? (parte prima)\",\"isPartOf\":{\"@id\":\"https:\/\/www.fotoeffe.it\/matrimonio\/#website\"},\"primaryImageOfPage\":{\"@id\":\"https:\/\/www.fotoeffe.it\/matrimonio\/matrimonio-di-giorno-o-di-sera-parte-prima\/#primaryimage\"},\"datePublished\":\"2022-02-14T17:43:01+00:00\",\"dateModified\":\"2022-04-01T18:06:05+00:00\",\"description\":\"Una delle prime scelte che i futuri sposi devono affrontare \u00e8 quella di celebrare il proprio matrimonio di giorno o di sera.\",\"breadcrumb\":{\"@id\":\"https:\/\/www.fotoeffe.it\/matrimonio\/matrimonio-di-giorno-o-di-sera-parte-prima\/#breadcrumb\"},\"inLanguage\":\"it-IT\",\"potentialAction\":[{\"@type\":\"ReadAction\",\"target\":[\"https:\/\/www.fotoeffe.it\/matrimonio\/matrimonio-di-giorno-o-di-sera-parte-prima\/\"]}]},{\"@type\":\"BreadcrumbList\",\"@id\":\"https:\/\/www.fotoeffe.it\/matrimonio\/matrimonio-di-giorno-o-di-sera-parte-prima\/#breadcrumb\",\"itemListElement\":[{\"@type\":\"ListItem\",\"position\":1,\"name\":\"Home\",\"item\":\"https:\/\/www.fotoeffe.it\/matrimonio\/\"},{\"@type\":\"ListItem\",\"position\":2,\"name\":\"Matrimonio di giorno o di sera? (parte prima)\"}]},{\"@type\":\"Article\",\"@id\":\"https:\/\/www.fotoeffe.it\/matrimonio\/matrimonio-di-giorno-o-di-sera-parte-prima\/#article\",\"isPartOf\":{\"@id\":\"https:\/\/www.fotoeffe.it\/matrimonio\/matrimonio-di-giorno-o-di-sera-parte-prima\/#webpage\"},\"author\":{\"@id\":\"https:\/\/www.fotoeffe.it\/matrimonio\/#\/schema\/person\/15c7f661436856f36671105134d21f52\"},\"headline\":\"Matrimonio di giorno o di sera? (parte prima)\",\"datePublished\":\"2022-02-14T17:43:01+00:00\",\"dateModified\":\"2022-04-01T18:06:05+00:00\",\"mainEntityOfPage\":{\"@id\":\"https:\/\/www.fotoeffe.it\/matrimonio\/matrimonio-di-giorno-o-di-sera-parte-prima\/#webpage\"},\"wordCount\":447,\"publisher\":{\"@id\":\"https:\/\/www.fotoeffe.it\/matrimonio\/#organization\"},\"image\":{\"@id\":\"https:\/\/www.fotoeffe.it\/matrimonio\/matrimonio-di-giorno-o-di-sera-parte-prima\/#primaryimage\"},\"thumbnailUrl\":\"https:\/\/www.fotoeffe.it\/matrimonio\/wp-content\/uploads\/2022\/02\/matrimonio-fiori.jpg\",\"articleSection\":[\"blog\"],\"inLanguage\":\"it-IT\"},{\"@type\":\"Person\",\"@id\":\"https:\/\/www.fotoeffe.it\/matrimonio\/#\/schema\/person\/15c7f661436856f36671105134d21f52\",\"name\":\"adminfs\",\"image\":{\"@type\":\"ImageObject\",\"@id\":\"https:\/\/www.fotoeffe.it\/matrimonio\/#personlogo\",\"inLanguage\":\"it-IT\",\"url\":\"https:\/\/secure.gravatar.com\/avatar\/ab01a23cf377a1e4eab032014046c0b8?s=96&d=mm&r=g\",\"contentUrl\":\"https:\/\/secure.gravatar.com\/avatar\/ab01a23cf377a1e4eab032014046c0b8?s=96&d=mm&r=g\",\"caption\":\"adminfs\"},\"url\":\"https:\/\/www.fotoeffe.it\/matrimonio\/author\/adminfs\/\"}]}<\/script>\n<!-- \/ Yoast SEO plugin. -->","yoast_head_json":{"title":"Matrimonio di giorno o di sera? (parte prima)","description":"Una delle prime scelte che i futuri sposi devono affrontare \u00e8 quella di celebrare il proprio matrimonio di giorno o di sera.","robots":{"index":"index","follow":"follow","max-snippet":"max-snippet:-1","max-image-preview":"max-image-preview:large","max-video-preview":"max-video-preview:-1"},"canonical":"https:\/\/www.fotoeffe.it\/matrimonio\/matrimonio-di-giorno-o-di-sera-parte-prima\/","og_locale":"it_IT","og_type":"article","og_title":"Matrimonio di giorno o di sera? (parte prima)","og_description":"Una delle prime scelte che i futuri sposi devono affrontare \u00e8 quella di celebrare il proprio matrimonio di giorno o di sera.","og_url":"https:\/\/www.fotoeffe.it\/matrimonio\/matrimonio-di-giorno-o-di-sera-parte-prima\/","og_site_name":"Fotoeffe","article_publisher":"https:\/\/www.facebook.com\/FotoeffeKodak","article_published_time":"2022-02-14T17:43:01+00:00","article_modified_time":"2022-04-01T18:06:05+00:00","og_image":[{"width":800,"height":320,"url":"https:\/\/www.fotoeffe.it\/matrimonio\/wp-content\/uploads\/2022\/02\/matrimonio-fiori.jpg","type":"image\/jpeg"}],"twitter_misc":{"Scritto da":"adminfs","Tempo di lettura stimato":"3 minuti"},"schema":{"@context":"https:\/\/schema.org","@graph":[{"@type":"Organization","@id":"https:\/\/www.fotoeffe.it\/matrimonio\/#organization","name":"Fotoeffe","url":"https:\/\/www.fotoeffe.it\/matrimonio\/","sameAs":["https:\/\/www.facebook.com\/FotoeffeKodak","https:\/\/www.instagram.com\/fotoeffekodak\/"],"logo":{"@type":"ImageObject","@id":"https:\/\/www.fotoeffe.it\/matrimonio\/#logo","inLanguage":"it-IT","url":"https:\/\/www.fotoeffe.it\/matrimonio\/wp-content\/uploads\/2023\/04\/cropped-footer-fotoeffe.png","contentUrl":"https:\/\/www.fotoeffe.it\/matrimonio\/wp-content\/uploads\/2023\/04\/cropped-footer-fotoeffe.png","width":191,"height":84,"caption":"Fotoeffe"},"image":{"@id":"https:\/\/www.fotoeffe.it\/matrimonio\/#logo"}},{"@type":"WebSite","@id":"https:\/\/www.fotoeffe.it\/matrimonio\/#website","url":"https:\/\/www.fotoeffe.it\/matrimonio\/","name":"Fotoeffe","description":"Matrimoni Catania","publisher":{"@id":"https:\/\/www.fotoeffe.it\/matrimonio\/#organization"},"potentialAction":[{"@type":"SearchAction","target":{"@type":"EntryPoint","urlTemplate":"https:\/\/www.fotoeffe.it\/matrimonio\/?s={search_term_string}"},"query-input":"required name=search_term_string"}],"inLanguage":"it-IT"},{"@type":"ImageObject","@id":"https:\/\/www.fotoeffe.it\/matrimonio\/matrimonio-di-giorno-o-di-sera-parte-prima\/#primaryimage","inLanguage":"it-IT","url":"https:\/\/www.fotoeffe.it\/matrimonio\/wp-content\/uploads\/2022\/02\/matrimonio-fiori.jpg","contentUrl":"https:\/\/www.fotoeffe.it\/matrimonio\/wp-content\/uploads\/2022\/02\/matrimonio-fiori.jpg","width":800,"height":320},{"@type":"WebPage","@id":"https:\/\/www.fotoeffe.it\/matrimonio\/matrimonio-di-giorno-o-di-sera-parte-prima\/#webpage","url":"https:\/\/www.fotoeffe.it\/matrimonio\/matrimonio-di-giorno-o-di-sera-parte-prima\/","name":"Matrimonio di giorno o di sera? (parte prima)","isPartOf":{"@id":"https:\/\/www.fotoeffe.it\/matrimonio\/#website"},"primaryImageOfPage":{"@id":"https:\/\/www.fotoeffe.it\/matrimonio\/matrimonio-di-giorno-o-di-sera-parte-prima\/#primaryimage"},"datePublished":"2022-02-14T17:43:01+00:00","dateModified":"2022-04-01T18:06:05+00:00","description":"Una delle prime scelte che i futuri sposi devono affrontare \u00e8 quella di celebrare il proprio matrimonio di giorno o di sera.","breadcrumb":{"@id":"https:\/\/www.fotoeffe.it\/matrimonio\/matrimonio-di-giorno-o-di-sera-parte-prima\/#breadcrumb"},"inLanguage":"it-IT","potentialAction":[{"@type":"ReadAction","target":["https:\/\/www.fotoeffe.it\/matrimonio\/matrimonio-di-giorno-o-di-sera-parte-prima\/"]}]},{"@type":"BreadcrumbList","@id":"https:\/\/www.fotoeffe.it\/matrimonio\/matrimonio-di-giorno-o-di-sera-parte-prima\/#breadcrumb","itemListElement":[{"@type":"ListItem","position":1,"name":"Home","item":"https:\/\/www.fotoeffe.it\/matrimonio\/"},{"@type":"ListItem","position":2,"name":"Matrimonio di giorno o di sera? (parte prima)"}]},{"@type":"Article","@id":"https:\/\/www.fotoeffe.it\/matrimonio\/matrimonio-di-giorno-o-di-sera-parte-prima\/#article","isPartOf":{"@id":"https:\/\/www.fotoeffe.it\/matrimonio\/matrimonio-di-giorno-o-di-sera-parte-prima\/#webpage"},"author":{"@id":"https:\/\/www.fotoeffe.it\/matrimonio\/#\/schema\/person\/15c7f661436856f36671105134d21f52"},"headline":"Matrimonio di giorno o di sera? (parte prima)","datePublished":"2022-02-14T17:43:01+00:00","dateModified":"2022-04-01T18:06:05+00:00","mainEntityOfPage":{"@id":"https:\/\/www.fotoeffe.it\/matrimonio\/matrimonio-di-giorno-o-di-sera-parte-prima\/#webpage"},"wordCount":447,"publisher":{"@id":"https:\/\/www.fotoeffe.it\/matrimonio\/#organization"},"image":{"@id":"https:\/\/www.fotoeffe.it\/matrimonio\/matrimonio-di-giorno-o-di-sera-parte-prima\/#primaryimage"},"thumbnailUrl":"https:\/\/www.fotoeffe.it\/matrimonio\/wp-content\/uploads\/2022\/02\/matrimonio-fiori.jpg","articleSection":["blog"],"inLanguage":"it-IT"},{"@type":"Person","@id":"https:\/\/www.fotoeffe.it\/matrimonio\/#\/schema\/person\/15c7f661436856f36671105134d21f52","name":"adminfs","image":{"@type":"ImageObject","@id":"https:\/\/www.fotoeffe.it\/matrimonio\/#personlogo","inLanguage":"it-IT","url":"https:\/\/secure.gravatar.com\/avatar\/ab01a23cf377a1e4eab032014046c0b8?s=96&d=mm&r=g","contentUrl":"https:\/\/secure.gravatar.com\/avatar\/ab01a23cf377a1e4eab032014046c0b8?s=96&d=mm&r=g","caption":"adminfs"},"url":"https:\/\/www.fotoeffe.it\/matrimonio\/author\/adminfs\/"}]}},"_links":{"self":[{"href":"https:\/\/www.fotoeffe.it\/matrimonio\/wp-json\/wp\/v2\/posts\/3693"}],"collection":[{"href":"https:\/\/www.fotoeffe.it\/matrimonio\/wp-json\/wp\/v2\/posts"}],"about":[{"href":"https:\/\/www.fotoeffe.it\/matrimonio\/wp-json\/wp\/v2\/types\/post"}],"author":[{"embeddable":true,"href":"https:\/\/www.fotoeffe.it\/matrimonio\/wp-json\/wp\/v2\/users\/1"}],"replies":[{"embeddable":true,"href":"https:\/\/www.fotoeffe.it\/matrimonio\/wp-json\/wp\/v2\/comments?post=3693"}],"version-history":[{"count":3,"href":"https:\/\/www.fotoeffe.it\/matrimonio\/wp-json\/wp\/v2\/posts\/3693\/revisions"}],"predecessor-version":[{"id":3697,"href":"https:\/\/www.fotoeffe.it\/matrimonio\/wp-json\/wp\/v2\/posts\/3693\/revisions\/3697"}],"wp:featuredmedia":[{"embeddable":true,"href":"https:\/\/www.fotoeffe.it\/matrimonio\/wp-json\/wp\/v2\/media\/3967"}],"wp:attachment":[{"href":"https:\/\/www.fotoeffe.it\/matrimonio\/wp-json\/wp\/v2\/media?parent=3693"}],"wp:term":[{"taxonomy":"category","embeddable":true,"href":"https:\/\/www.fotoeffe.it\/matrimonio\/wp-json\/wp\/v2\/categories?post=3693"},{"taxonomy":"post_tag","embeddable":true,"href":"https:\/\/www.fotoeffe.it\/matrimonio\/wp-json\/wp\/v2\/tags?post=3693"}],"curies":[{"name":"wp","href":"https:\/\/api.w.org\/{rel}","templated":true}]}}